{"id":2548,"date":"2026-04-24T16:53:22","date_gmt":"2026-04-24T15:53:22","guid":{"rendered":"https:\/\/hub.gmintegratedcare.org.uk\/asc\/?p=2548"},"modified":"2026-04-24T16:53:22","modified_gmt":"2026-04-24T15:53:22","slug":"halle-relaxed-concerts","status":"publish","type":"post","link":"https:\/\/hub.gmintegratedcare.org.uk\/asc\/halle-relaxed-concerts\/","title":{"rendered":"HALLE RELAXED CONCERTS"},"content":{"rendered":"<div class=\"StructuredModuleRenderer_structuredContent__k7mNB StructuredModuleRenderer_text__GaXOv\" data-testid=\"text-content\">\n<div>\n<p>Join our 26-piece Hall\u00e9 ensemble for the chance to listen to popular, classical music in a relaxed and informal way.<\/p>\n<\/div>\n<\/div>\n<div class=\"StructuredModuleRenderer_structuredContent__k7mNB StructuredModuleRenderer_text__GaXOv\" data-testid=\"text-content\">\n<div>\n<p>Come along to enjoy some popular classics and meet members of the Hall\u00e9 in our 50-minute informal, relaxed concert. Caf\u00e9 Cotton and the Foyle Room, in the extension of Hall\u00e9 St Peter&#8217;s, will be open before, during and after the concert. There will be the chance to interact with the orchestra and sing-along to some musical classics. At the end, there will also be an opportunity to ask any questions or have a chat with Hall\u00e9 players.<\/p>\n<p>For any questions about the event, please contact Jessica Harper: <a href=\"mailto:jessica.harper@halle.co.uk\" target=\"_blank\" rel=\"noopener\">jessica.harper@halle.co.uk<\/a><\/p>\n<p>Please note these concerts often sell out, so it is advisable to book your tickets in advance to avoid disappointment on the day.<\/p>\n<p>Seating is unreserved and allocated on a first come, first served basis on the day. We advise arriving approximately 15 minutes before the start of the concert, for your comfort and peace of mind. Please note we cannot guarantee groups will be able to sit together if you arrive late.<\/p>\n<p>For more information on what to expect, please visit our website: <a href=\"https:\/\/halle.co.uk\/project\/relaxed-concerts\/\" target=\"_blank\" rel=\"noopener\">Halle relaxed concerts<\/a><\/p>\n<p>Get your tickets <a href=\"https:\/\/www.eventbrite.com\/e\/halle-relaxed-concerts-tickets-1987821090392?aff=ebemoffollowpublishemail&amp;ref=eemail&amp;utm_campaign=following_published_event&amp;utm_content=follow_notification&amp;utm_medium=email&amp;utm_source=eventbrite\" target=\"_blank\" rel=\"noopener\">here\u00a0<\/a><\/p>\n<\/div>\n<\/div>\n","protected":false},"excerpt":{"rendered":"<p>Join our 26-piece Hall\u00e9 ensemble for the chance to listen to popular, classical music in a relaxed and informal way&#8230;.<\/p>\n","protected":false},"author":78,"featured_media":649,"comment_status":"closed","ping_status":"closed","sticky":false,"template":"","format":"standard","meta":{"_acf_changed":false,"footnotes":""},"categories":[1],"tags":[],"class_list":["post-2548","post","type-post","status-publish","format-standard","has-post-thumbnail","hentry","category-uncategorised"],"acf":[],"yoast_head":"<!-- This site is optimized with the Yoast SEO plugin v27.4 - https:\/\/yoast.com\/product\/yoast-seo-wordpress\/ -->\n<title>HALLE RELAXED CONCERTS - Adult Social Care Provider Network<\/title>\n<meta name=\"robots\" content=\"index, follow, max-snippet:-1, max-image-preview:large, max-video-preview:-1\" \/>\n<link rel=\"canonical\" href=\"https:\/\/hub.gmintegratedcare.org.uk\/asc\/halle-relaxed-concerts\/\" \/>\n<meta property=\"og:locale\" content=\"en_GB\" \/>\n<meta property=\"og:type\" content=\"article\" \/>\n<meta property=\"og:title\" content=\"HALLE RELAXED CONCERTS - Adult Social Care Provider Network\" \/>\n<meta property=\"og:description\" content=\"Join our 26-piece Hall\u00e9 ensemble for the chance to listen to popular, classical music in a relaxed and informal way....\" \/>\n<meta property=\"og:url\" content=\"https:\/\/hub.gmintegratedcare.org.uk\/asc\/halle-relaxed-concerts\/\" \/>\n<meta property=\"og:site_name\" content=\"Adult Social Care Provider Network\" \/>\n<meta property=\"article:published_time\" content=\"2026-04-24T15:53:22+00:00\" \/>\n<meta property=\"og:image\" content=\"http:\/\/hub.gmintegratedcare.org.uk\/asc\/wp-content\/uploads\/sites\/11\/2023\/10\/Halle.png\" \/>\n\t<meta property=\"og:image:width\" content=\"369\" \/>\n\t<meta property=\"og:image:height\" content=\"435\" \/>\n\t<meta property=\"og:image:type\" content=\"image\/png\" \/>\n<meta name=\"author\" content=\"melissa\" \/>\n<meta name=\"twitter:card\" content=\"summary_large_image\" \/>\n<meta name=\"twitter:label1\" content=\"Written by\" \/>\n\t<meta name=\"twitter:data1\" content=\"melissa\" \/>\n\t<meta name=\"twitter:label2\" content=\"Estimated reading time\" \/>\n\t<meta name=\"twitter:data2\" content=\"2 minutes\" \/>\n<script type=\"application\/ld+json\" class=\"yoast-schema-graph\">{\"@context\":\"https:\\\/\\\/schema.org\",\"@graph\":[{\"@type\":\"Article\",\"@id\":\"https:\\\/\\\/hub.gmintegratedcare.org.uk\\\/asc\\\/halle-relaxed-concerts\\\/#article\",\"isPartOf\":{\"@id\":\"https:\\\/\\\/hub.gmintegratedcare.org.uk\\\/asc\\\/halle-relaxed-concerts\\\/\"},\"author\":{\"name\":\"melissa\",\"@id\":\"https:\\\/\\\/hub.gmintegratedcare.org.uk\\\/asc\\\/#\\\/schema\\\/person\\\/67575b01a4c2c6da8415a4b59e236489\"},\"headline\":\"HALLE RELAXED CONCERTS\",\"datePublished\":\"2026-04-24T15:53:22+00:00\",\"mainEntityOfPage\":{\"@id\":\"https:\\\/\\\/hub.gmintegratedcare.org.uk\\\/asc\\\/halle-relaxed-concerts\\\/\"},\"wordCount\":206,\"publisher\":{\"@id\":\"https:\\\/\\\/hub.gmintegratedcare.org.uk\\\/asc\\\/#organization\"},\"image\":{\"@id\":\"https:\\\/\\\/hub.gmintegratedcare.org.uk\\\/asc\\\/halle-relaxed-concerts\\\/#primaryimage\"},\"thumbnailUrl\":\"https:\\\/\\\/hub.gmintegratedcare.org.uk\\\/asc\\\/wp-content\\\/uploads\\\/sites\\\/11\\\/2023\\\/10\\\/Halle.png\",\"inLanguage\":\"en-GB\"},{\"@type\":\"WebPage\",\"@id\":\"https:\\\/\\\/hub.gmintegratedcare.org.uk\\\/asc\\\/halle-relaxed-concerts\\\/\",\"url\":\"https:\\\/\\\/hub.gmintegratedcare.org.uk\\\/asc\\\/halle-relaxed-concerts\\\/\",\"name\":\"HALLE RELAXED CONCERTS - Adult Social Care Provider Network\",\"isPartOf\":{\"@id\":\"https:\\\/\\\/hub.gmintegratedcare.org.uk\\\/asc\\\/#website\"},\"primaryImageOfPage\":{\"@id\":\"https:\\\/\\\/hub.gmintegratedcare.org.uk\\\/asc\\\/halle-relaxed-concerts\\\/#primaryimage\"},\"image\":{\"@id\":\"https:\\\/\\\/hub.gmintegratedcare.org.uk\\\/asc\\\/halle-relaxed-concerts\\\/#primaryimage\"},\"thumbnailUrl\":\"https:\\\/\\\/hub.gmintegratedcare.org.uk\\\/asc\\\/wp-content\\\/uploads\\\/sites\\\/11\\\/2023\\\/10\\\/Halle.png\",\"datePublished\":\"2026-04-24T15:53:22+00:00\",\"breadcrumb\":{\"@id\":\"https:\\\/\\\/hub.gmintegratedcare.org.uk\\\/asc\\\/halle-relaxed-concerts\\\/#breadcrumb\"},\"inLanguage\":\"en-GB\",\"potentialAction\":[{\"@type\":\"ReadAction\",\"target\":[\"https:\\\/\\\/hub.gmintegratedcare.org.uk\\\/asc\\\/halle-relaxed-concerts\\\/\"]}]},{\"@type\":\"ImageObject\",\"inLanguage\":\"en-GB\",\"@id\":\"https:\\\/\\\/hub.gmintegratedcare.org.uk\\\/asc\\\/halle-relaxed-concerts\\\/#primaryimage\",\"url\":\"https:\\\/\\\/hub.gmintegratedcare.org.uk\\\/asc\\\/wp-content\\\/uploads\\\/sites\\\/11\\\/2023\\\/10\\\/Halle.png\",\"contentUrl\":\"https:\\\/\\\/hub.gmintegratedcare.org.uk\\\/asc\\\/wp-content\\\/uploads\\\/sites\\\/11\\\/2023\\\/10\\\/Halle.png\",\"width\":369,\"height\":435},{\"@type\":\"BreadcrumbList\",\"@id\":\"https:\\\/\\\/hub.gmintegratedcare.org.uk\\\/asc\\\/halle-relaxed-concerts\\\/#breadcrumb\",\"itemListElement\":[{\"@type\":\"ListItem\",\"position\":1,\"name\":\"Home\",\"item\":\"https:\\\/\\\/hub.gmintegratedcare.org.uk\\\/asc\\\/\"},{\"@type\":\"ListItem\",\"position\":2,\"name\":\"HALLE RELAXED CONCERTS\"}]},{\"@type\":\"WebSite\",\"@id\":\"https:\\\/\\\/hub.gmintegratedcare.org.uk\\\/asc\\\/#website\",\"url\":\"https:\\\/\\\/hub.gmintegratedcare.org.uk\\\/asc\\\/\",\"name\":\"Adult Social Care Provider Network\",\"description\":\"\",\"publisher\":{\"@id\":\"https:\\\/\\\/hub.gmintegratedcare.org.uk\\\/asc\\\/#organization\"},\"potentialAction\":[{\"@type\":\"SearchAction\",\"target\":{\"@type\":\"EntryPoint\",\"urlTemplate\":\"https:\\\/\\\/hub.gmintegratedcare.org.uk\\\/asc\\\/?s={search_term_string}\"},\"query-input\":{\"@type\":\"PropertyValueSpecification\",\"valueRequired\":true,\"valueName\":\"search_term_string\"}}],\"inLanguage\":\"en-GB\"},{\"@type\":\"Organization\",\"@id\":\"https:\\\/\\\/hub.gmintegratedcare.org.uk\\\/asc\\\/#organization\",\"name\":\"Adult Social Care Provider Network\",\"url\":\"https:\\\/\\\/hub.gmintegratedcare.org.uk\\\/asc\\\/\",\"logo\":{\"@type\":\"ImageObject\",\"inLanguage\":\"en-GB\",\"@id\":\"https:\\\/\\\/hub.gmintegratedcare.org.uk\\\/asc\\\/#\\\/schema\\\/logo\\\/image\\\/\",\"url\":\"https:\\\/\\\/hub.gmintegratedcare.org.uk\\\/asc\\\/wp-content\\\/uploads\\\/sites\\\/11\\\/2023\\\/06\\\/logo.jpg\",\"contentUrl\":\"https:\\\/\\\/hub.gmintegratedcare.org.uk\\\/asc\\\/wp-content\\\/uploads\\\/sites\\\/11\\\/2023\\\/06\\\/logo.jpg\",\"width\":143,\"height\":117,\"caption\":\"Adult Social Care Provider Network\"},\"image\":{\"@id\":\"https:\\\/\\\/hub.gmintegratedcare.org.uk\\\/asc\\\/#\\\/schema\\\/logo\\\/image\\\/\"}},{\"@type\":\"Person\",\"@id\":\"https:\\\/\\\/hub.gmintegratedcare.org.uk\\\/asc\\\/#\\\/schema\\\/person\\\/67575b01a4c2c6da8415a4b59e236489\",\"name\":\"melissa\",\"image\":{\"@type\":\"ImageObject\",\"inLanguage\":\"en-GB\",\"@id\":\"https:\\\/\\\/secure.gravatar.com\\\/avatar\\\/b9b7b4ec6fb4ec823927f91035b6cebd204a4a05b9caffec3523b9fd15695de5?s=96&d=mm&r=g\",\"url\":\"https:\\\/\\\/secure.gravatar.com\\\/avatar\\\/b9b7b4ec6fb4ec823927f91035b6cebd204a4a05b9caffec3523b9fd15695de5?s=96&d=mm&r=g\",\"contentUrl\":\"https:\\\/\\\/secure.gravatar.com\\\/avatar\\\/b9b7b4ec6fb4ec823927f91035b6cebd204a4a05b9caffec3523b9fd15695de5?s=96&d=mm&r=g\",\"caption\":\"melissa\"},\"url\":\"https:\\\/\\\/hub.gmintegratedcare.org.uk\\\/asc\\\/author\\\/melissa\\\/\"}]}<\/script>\n<!-- \/ Yoast SEO plugin. -->","yoast_head_json":{"title":"HALLE RELAXED CONCERTS - Adult Social Care Provider Network","robots":{"index":"index","follow":"follow","max-snippet":"max-snippet:-1","max-image-preview":"max-image-preview:large","max-video-preview":"max-video-preview:-1"},"canonical":"https:\/\/hub.gmintegratedcare.org.uk\/asc\/halle-relaxed-concerts\/","og_locale":"en_GB","og_type":"article","og_title":"HALLE RELAXED CONCERTS - Adult Social Care Provider Network","og_description":"Join our 26-piece Hall\u00e9 ensemble for the chance to listen to popular, classical music in a relaxed and informal way....","og_url":"https:\/\/hub.gmintegratedcare.org.uk\/asc\/halle-relaxed-concerts\/","og_site_name":"Adult Social Care Provider Network","article_published_time":"2026-04-24T15:53:22+00:00","og_image":[{"width":369,"height":435,"url":"http:\/\/hub.gmintegratedcare.org.uk\/asc\/wp-content\/uploads\/sites\/11\/2023\/10\/Halle.png","type":"image\/png"}],"author":"melissa","twitter_card":"summary_large_image","twitter_misc":{"Written by":"melissa","Estimated reading time":"2 minutes"},"schema":{"@context":"https:\/\/schema.org","@graph":[{"@type":"Article","@id":"https:\/\/hub.gmintegratedcare.org.uk\/asc\/halle-relaxed-concerts\/#article","isPartOf":{"@id":"https:\/\/hub.gmintegratedcare.org.uk\/asc\/halle-relaxed-concerts\/"},"author":{"name":"melissa","@id":"https:\/\/hub.gmintegratedcare.org.uk\/asc\/#\/schema\/person\/67575b01a4c2c6da8415a4b59e236489"},"headline":"HALLE RELAXED CONCERTS","datePublished":"2026-04-24T15:53:22+00:00","mainEntityOfPage":{"@id":"https:\/\/hub.gmintegratedcare.org.uk\/asc\/halle-relaxed-concerts\/"},"wordCount":206,"publisher":{"@id":"https:\/\/hub.gmintegratedcare.org.uk\/asc\/#organization"},"image":{"@id":"https:\/\/hub.gmintegratedcare.org.uk\/asc\/halle-relaxed-concerts\/#primaryimage"},"thumbnailUrl":"https:\/\/hub.gmintegratedcare.org.uk\/asc\/wp-content\/uploads\/sites\/11\/2023\/10\/Halle.png","inLanguage":"en-GB"},{"@type":"WebPage","@id":"https:\/\/hub.gmintegratedcare.org.uk\/asc\/halle-relaxed-concerts\/","url":"https:\/\/hub.gmintegratedcare.org.uk\/asc\/halle-relaxed-concerts\/","name":"HALLE RELAXED CONCERTS - Adult Social Care Provider Network","isPartOf":{"@id":"https:\/\/hub.gmintegratedcare.org.uk\/asc\/#website"},"primaryImageOfPage":{"@id":"https:\/\/hub.gmintegratedcare.org.uk\/asc\/halle-relaxed-concerts\/#primaryimage"},"image":{"@id":"https:\/\/hub.gmintegratedcare.org.uk\/asc\/halle-relaxed-concerts\/#primaryimage"},"thumbnailUrl":"https:\/\/hub.gmintegratedcare.org.uk\/asc\/wp-content\/uploads\/sites\/11\/2023\/10\/Halle.png","datePublished":"2026-04-24T15:53:22+00:00","breadcrumb":{"@id":"https:\/\/hub.gmintegratedcare.org.uk\/asc\/halle-relaxed-concerts\/#breadcrumb"},"inLanguage":"en-GB","potentialAction":[{"@type":"ReadAction","target":["https:\/\/hub.gmintegratedcare.org.uk\/asc\/halle-relaxed-concerts\/"]}]},{"@type":"ImageObject","inLanguage":"en-GB","@id":"https:\/\/hub.gmintegratedcare.org.uk\/asc\/halle-relaxed-concerts\/#primaryimage","url":"https:\/\/hub.gmintegratedcare.org.uk\/asc\/wp-content\/uploads\/sites\/11\/2023\/10\/Halle.png","contentUrl":"https:\/\/hub.gmintegratedcare.org.uk\/asc\/wp-content\/uploads\/sites\/11\/2023\/10\/Halle.png","width":369,"height":435},{"@type":"BreadcrumbList","@id":"https:\/\/hub.gmintegratedcare.org.uk\/asc\/halle-relaxed-concerts\/#breadcrumb","itemListElement":[{"@type":"ListItem","position":1,"name":"Home","item":"https:\/\/hub.gmintegratedcare.org.uk\/asc\/"},{"@type":"ListItem","position":2,"name":"HALLE RELAXED CONCERTS"}]},{"@type":"WebSite","@id":"https:\/\/hub.gmintegratedcare.org.uk\/asc\/#website","url":"https:\/\/hub.gmintegratedcare.org.uk\/asc\/","name":"Adult Social Care Provider Network","description":"","publisher":{"@id":"https:\/\/hub.gmintegratedcare.org.uk\/asc\/#organization"},"potentialAction":[{"@type":"SearchAction","target":{"@type":"EntryPoint","urlTemplate":"https:\/\/hub.gmintegratedcare.org.uk\/asc\/?s={search_term_string}"},"query-input":{"@type":"PropertyValueSpecification","valueRequired":true,"valueName":"search_term_string"}}],"inLanguage":"en-GB"},{"@type":"Organization","@id":"https:\/\/hub.gmintegratedcare.org.uk\/asc\/#organization","name":"Adult Social Care Provider Network","url":"https:\/\/hub.gmintegratedcare.org.uk\/asc\/","logo":{"@type":"ImageObject","inLanguage":"en-GB","@id":"https:\/\/hub.gmintegratedcare.org.uk\/asc\/#\/schema\/logo\/image\/","url":"https:\/\/hub.gmintegratedcare.org.uk\/asc\/wp-content\/uploads\/sites\/11\/2023\/06\/logo.jpg","contentUrl":"https:\/\/hub.gmintegratedcare.org.uk\/asc\/wp-content\/uploads\/sites\/11\/2023\/06\/logo.jpg","width":143,"height":117,"caption":"Adult Social Care Provider Network"},"image":{"@id":"https:\/\/hub.gmintegratedcare.org.uk\/asc\/#\/schema\/logo\/image\/"}},{"@type":"Person","@id":"https:\/\/hub.gmintegratedcare.org.uk\/asc\/#\/schema\/person\/67575b01a4c2c6da8415a4b59e236489","name":"melissa","image":{"@type":"ImageObject","inLanguage":"en-GB","@id":"https:\/\/secure.gravatar.com\/avatar\/b9b7b4ec6fb4ec823927f91035b6cebd204a4a05b9caffec3523b9fd15695de5?s=96&d=mm&r=g","url":"https:\/\/secure.gravatar.com\/avatar\/b9b7b4ec6fb4ec823927f91035b6cebd204a4a05b9caffec3523b9fd15695de5?s=96&d=mm&r=g","contentUrl":"https:\/\/secure.gravatar.com\/avatar\/b9b7b4ec6fb4ec823927f91035b6cebd204a4a05b9caffec3523b9fd15695de5?s=96&d=mm&r=g","caption":"melissa"},"url":"https:\/\/hub.gmintegratedcare.org.uk\/asc\/author\/melissa\/"}]}},"_links":{"self":[{"href":"https:\/\/hub.gmintegratedcare.org.uk\/asc\/wp-json\/wp\/v2\/posts\/2548","targetHints":{"allow":["GET"]}}],"collection":[{"href":"https:\/\/hub.gmintegratedcare.org.uk\/asc\/wp-json\/wp\/v2\/posts"}],"about":[{"href":"https:\/\/hub.gmintegratedcare.org.uk\/asc\/wp-json\/wp\/v2\/types\/post"}],"author":[{"embeddable":true,"href":"https:\/\/hub.gmintegratedcare.org.uk\/asc\/wp-json\/wp\/v2\/users\/78"}],"replies":[{"embeddable":true,"href":"https:\/\/hub.gmintegratedcare.org.uk\/asc\/wp-json\/wp\/v2\/comments?post=2548"}],"version-history":[{"count":1,"href":"https:\/\/hub.gmintegratedcare.org.uk\/asc\/wp-json\/wp\/v2\/posts\/2548\/revisions"}],"predecessor-version":[{"id":2549,"href":"https:\/\/hub.gmintegratedcare.org.uk\/asc\/wp-json\/wp\/v2\/posts\/2548\/revisions\/2549"}],"wp:featuredmedia":[{"embeddable":true,"href":"https:\/\/hub.gmintegratedcare.org.uk\/asc\/wp-json\/wp\/v2\/media\/649"}],"wp:attachment":[{"href":"https:\/\/hub.gmintegratedcare.org.uk\/asc\/wp-json\/wp\/v2\/media?parent=2548"}],"wp:term":[{"taxonomy":"category","embeddable":true,"href":"https:\/\/hub.gmintegratedcare.org.uk\/asc\/wp-json\/wp\/v2\/categories?post=2548"},{"taxonomy":"post_tag","embeddable":true,"href":"https:\/\/hub.gmintegratedcare.org.uk\/asc\/wp-json\/wp\/v2\/tags?post=2548"}],"curies":[{"name":"wp","href":"https:\/\/api.w.org\/{rel}","templated":true}]}}